{"id":715,"date":"2014-03-15T12:06:47","date_gmt":"2014-03-15T12:06:47","guid":{"rendered":"https:\/\/gelice.ch\/?p=715"},"modified":"2025-12-14T08:47:33","modified_gmt":"2025-12-14T08:47:33","slug":"2014","status":"publish","type":"post","link":"https:\/\/chor50basel.ch\/?p=715","title":{"rendered":"2014"},"content":{"rendered":"<table style=\"border: none; border-collapse: collapse; width: 100%; table-layout: fixed;\">\n<tbody>\n<tr>\n<td style=\"border: none; padding: 8px; width: 70%; vertical-align: middle;\">\n<p><em>20 Jahre CHOR 50 Basel<br \/><\/em><strong>Jubil\u00e4umskonzert<\/strong><br \/>Ein musikalischer R\u00fcckblick<\/p>\n<p>Samstag, 15. November 2014, 17 Uhr<\/p>\n<p>C. F. Spittler-Haus Basel<\/p>\n<\/td>\n<td style=\"border: none; padding: 8px; width: 30%;\"><a href=\"https:\/\/chor50basel.ch\/wp-content\/uploads\/2025\/12\/2014-Herbst.jpg\"><img loading=\"lazy\" decoding=\"async\" class=\"alignnone wp-image-1097 size-medium\" src=\"https:\/\/chor50basel.ch\/wp-content\/uploads\/2025\/12\/2014-Herbst-212x300.jpg\" alt=\"\" width=\"212\" height=\"300\" srcset=\"https:\/\/chor50basel.ch\/wp-content\/uploads\/2025\/12\/2014-Herbst-212x300.jpg 212w, https:\/\/chor50basel.ch\/wp-content\/uploads\/2025\/12\/2014-Herbst-768x1089.jpg 768w, https:\/\/chor50basel.ch\/wp-content\/uploads\/2025\/12\/2014-Herbst-1084x1536.jpg 1084w, https:\/\/chor50basel.ch\/wp-content\/uploads\/2025\/12\/2014-Herbst-1445x2048.jpg 1445w, https:\/\/chor50basel.ch\/wp-content\/uploads\/2025\/12\/2014-Herbst.jpg 1648w\" sizes=\"auto, (max-width: 212px) 100vw, 212px\" \/><\/a><\/td>\n<\/tr>\n<\/tbody>\n<\/table>\n\n\n<p class=\"wp-block-paragraph\"><a href=\"https:\/\/chor50basel.ch\/wp-content\/uploads\/2025\/12\/2014-Herbst.pdf\">Programm<\/a><\/p>\n\n\n\n<p class=\"wp-block-paragraph\"><\/p>\n\n\n\n<hr class=\"wp-block-separator has-alpha-channel-opacity\"\/>\n\n\n<table style=\"border: none; border-collapse: collapse; width: 100%; table-layout: fixed;\">\n<tbody>\n<tr>\n<td style=\"border: none; padding: 8px; width: 70%; vertical-align: middle;\"><em>Fr\u00fchlingskonzert<\/em><strong><br \/>\nEmotions<br \/>\n<\/strong>Frauenstimmen, Harfenkl\u00e4nge und Cellogesang erz\u00e4hlen von Freud und Leid<br \/>\nMusik von Schubert, Brahms, Klein, Massenet, Faur\u00e9, Rachmaninow, Grieg<strong><\/p>\n<p><\/strong>6. April 2014, Zinzendorfhaus Basel<br \/>\n8. April 2014, Zinzendorfhaus Basel<\/td>\n<td style=\"border: none; padding: 8px; width: 30%;\"><a href=\"https:\/\/chor50basel.ch\/wp-content\/uploads\/2025\/08\/2014-April.jpg\"><img loading=\"lazy\" decoding=\"async\" class=\"alignnone wp-image-716 size-medium\" src=\"https:\/\/chor50basel.ch\/wp-content\/uploads\/2025\/08\/2014-April-212x300.jpg\" alt=\"\" width=\"212\" height=\"300\" srcset=\"https:\/\/chor50basel.ch\/wp-content\/uploads\/2025\/08\/2014-April-212x300.jpg 212w, https:\/\/chor50basel.ch\/wp-content\/uploads\/2025\/08\/2014-April-723x1024.jpg 723w, https:\/\/chor50basel.ch\/wp-content\/uploads\/2025\/08\/2014-April-768x1087.jpg 768w, https:\/\/chor50basel.ch\/wp-content\/uploads\/2025\/08\/2014-April.jpg 801w\" sizes=\"auto, (max-width: 212px) 100vw, 212px\" \/><\/a><\/td>\n<\/tr>\n<\/tbody>\n<\/table>\n\n\n<p class=\"wp-block-paragraph\"><a href=\"https:\/\/chor50basel.ch\/wp-content\/uploads\/2025\/12\/2014-Fruehling.pdf\">Programm<\/a><\/p>\n\n\n\n<p class=\"wp-block-paragraph\"><\/p>\n","protected":false},"excerpt":{"rendered":"<p>20 Jahre CHOR 50 BaselJubil\u00e4umskonzertEin musikalischer R\u00fcckblick Samstag, 15. November 2014, 17 Uhr C. F. Spittler-Haus Basel Programm Fr\u00fchlingskonzert Emotions Frauenstimmen, Harfenkl\u00e4nge und Cellogesang erz\u00e4hlen von Freud und Leid Musik von Schubert, Brahms, Klein, Massenet, Faur\u00e9, Rachmaninow, Grieg 6. April 2014, Zinzendorfhaus Basel 8. April 2014, Zinzendorfhaus Basel Programm<\/p>\n","protected":false},"author":1,"featured_media":0,"comment_status":"closed","ping_status":"closed","sticky":false,"template":"","format":"standard","meta":{"footnotes":""},"categories":[1],"tags":[],"class_list":["post-715","post","type-post","status-publish","format-standard","hentry","category-uncategorized"],"_links":{"self":[{"href":"https:\/\/chor50basel.ch\/index.php?rest_route=\/wp\/v2\/posts\/715","targetHints":{"allow":["GET"]}}],"collection":[{"href":"https:\/\/chor50basel.ch\/index.php?rest_route=\/wp\/v2\/posts"}],"about":[{"href":"https:\/\/chor50basel.ch\/index.php?rest_route=\/wp\/v2\/types\/post"}],"author":[{"embeddable":true,"href":"https:\/\/chor50basel.ch\/index.php?rest_route=\/wp\/v2\/users\/1"}],"replies":[{"embeddable":true,"href":"https:\/\/chor50basel.ch\/index.php?rest_route=%2Fwp%2Fv2%2Fcomments&post=715"}],"version-history":[{"count":7,"href":"https:\/\/chor50basel.ch\/index.php?rest_route=\/wp\/v2\/posts\/715\/revisions"}],"predecessor-version":[{"id":1387,"href":"https:\/\/chor50basel.ch\/index.php?rest_route=\/wp\/v2\/posts\/715\/revisions\/1387"}],"wp:attachment":[{"href":"https:\/\/chor50basel.ch\/index.php?rest_route=%2Fwp%2Fv2%2Fmedia&parent=715"}],"wp:term":[{"taxonomy":"category","embeddable":true,"href":"https:\/\/chor50basel.ch\/index.php?rest_route=%2Fwp%2Fv2%2Fcategories&post=715"},{"taxonomy":"post_tag","embeddable":true,"href":"https:\/\/chor50basel.ch\/index.php?rest_route=%2Fwp%2Fv2%2Ftags&post=715"}],"curies":[{"name":"wp","href":"https:\/\/api.w.org\/{rel}","templated":true}]}}