{"id":580,"date":"2024-04-04T05:33:26","date_gmt":"2024-04-04T05:33:26","guid":{"rendered":"https:\/\/gelice.ch\/?p=580"},"modified":"2025-12-14T08:50:31","modified_gmt":"2025-12-14T08:50:31","slug":"2024","status":"publish","type":"post","link":"https:\/\/chor50basel.ch\/?p=580","title":{"rendered":"2024"},"content":{"rendered":"<table style=\"border: none; border-collapse: collapse; width: 100%; table-layout: fixed;\">\n<tbody>\n<tr>\n<td style=\"border: none; padding: 8px; width: 70%; vertical-align: middle;\">\n<p><em>Herbstkonzert<\/em><br \/><strong>Automne<\/strong><\/p>\n<p>26. November 2024 im Zinzendorfhaus Basel<\/p>\n<\/td>\n<td style=\"border: none; padding: 8px; width: 30%;\"><a href=\"https:\/\/chor50basel.ch\/wp-content\/uploads\/2025\/12\/2024-Herbst-Flyer.jpg\"><img loading=\"lazy\" decoding=\"async\" class=\"alignnone wp-image-1003 size-medium\" src=\"https:\/\/chor50basel.ch\/wp-content\/uploads\/2025\/12\/2024-Herbst-Flyer-219x300.jpg\" alt=\"\" width=\"219\" height=\"300\" srcset=\"https:\/\/chor50basel.ch\/wp-content\/uploads\/2025\/12\/2024-Herbst-Flyer-219x300.jpg 219w, https:\/\/chor50basel.ch\/wp-content\/uploads\/2025\/12\/2024-Herbst-Flyer-768x1051.jpg 768w, https:\/\/chor50basel.ch\/wp-content\/uploads\/2025\/12\/2024-Herbst-Flyer-1122x1536.jpg 1122w, https:\/\/chor50basel.ch\/wp-content\/uploads\/2025\/12\/2024-Herbst-Flyer.jpg 1408w\" sizes=\"auto, (max-width: 219px) 100vw, 219px\" \/><\/a><\/td>\n<\/tr>\n<\/tbody>\n<\/table>\n\n\n<p class=\"wp-block-paragraph\"><a href=\"https:\/\/chor50basel.ch\/wp-content\/uploads\/2025\/12\/2024-Herbst.pdf\">Programm<\/a><\/p>\n\n\n\n<p class=\"wp-block-paragraph\"><\/p>\n\n\n\n<hr class=\"wp-block-separator has-alpha-channel-opacity\"\/>\n\n\n<table style=\"border: none; border-collapse: collapse; width: 100%; table-layout: fixed;\">\n<tbody>\n<tr>\n<td style=\"border: none; padding: 8px; width: 70%; vertical-align: middle;\"><em>Zum 30-j\u00e4hrigen Bestehen des Chor 50:<\/em><br \/><strong>Die liebliche Musik \u2026<\/strong><br \/>Wir \u00f6ffnen unsere 30-j\u00e4hrige Schatztruhe<\/p>\n<p>25. Mai 2024 Dorfkirche Kleinh\u00fcningen<br \/>28. Mai 2024 Dorfkirche Kleinh\u00fcningen<\/p>\n<\/td>\n<td style=\"border: none; padding: 8px; width: 30%;\"><a href=\"https:\/\/chor50basel.ch\/wp-content\/uploads\/2025\/12\/2024-Mai.jpg\"><img loading=\"lazy\" decoding=\"async\" class=\"alignnone wp-image-639 size-medium\" src=\"https:\/\/chor50basel.ch\/wp-content\/uploads\/2025\/12\/2024-Mai.jpg\" alt=\"\" width=\"211\" height=\"300\" \/><\/a><\/td>\n<\/tr>\n<\/tbody>\n<\/table>\n\n\n<p class=\"wp-block-paragraph\"><a href=\"https:\/\/chor50basel.ch\/wp-content\/uploads\/2025\/11\/2024-Fruehjahr-Programm.pdf\">Programm<\/a><\/p>\n\n\n\n<hr class=\"wp-block-separator has-alpha-channel-opacity\"\/>\n\n\n<table style=\"border: none; border-collapse: collapse; width: 100%; table-layout: fixed;\">\n<tbody>\n<tr>\n<td style=\"border: none; padding: 8px; width: 100%; vertical-align: middle;\">\n<p><em>Nachmittagskonzert<br \/><\/em>Auff\u00fchrung im Alterszentrum am Bachgraben Allschwil<\/p>\n<p>6. Mai 2024<\/p>\n<\/td>\n<\/tr>\n<\/tbody>\n<\/table>\n\n\n<hr class=\"wp-block-separator has-alpha-channel-opacity\"\/>\n\n\n\n<p class=\"wp-block-paragraph\"><a href=\"https:\/\/chor50basel.ch\/wp-content\/uploads\/2025\/12\/2024-Kleinbasler-Zeitung-vom-29.4.24.pdf\">Kleinbasler Zeitung vom 29.4.24<\/a><\/p>\n","protected":false},"excerpt":{"rendered":"<p>HerbstkonzertAutomne 26. November 2024 im Zinzendorfhaus Basel Programm Zum 30-j\u00e4hrigen Bestehen des Chor 50:Die liebliche Musik \u2026Wir \u00f6ffnen unsere 30-j\u00e4hrige Schatztruhe 25. Mai 2024 Dorfkirche Kleinh\u00fcningen28. Mai 2024 Dorfkirche Kleinh\u00fcningen Programm NachmittagskonzertAuff\u00fchrung im Alterszentrum am Bachgraben Allschwil 6. Mai 2024 Kleinbasler Zeitung vom 29.4.24<\/p>\n","protected":false},"author":1,"featured_media":0,"comment_status":"closed","ping_status":"closed","sticky":false,"template":"","format":"standard","meta":{"footnotes":""},"categories":[1],"tags":[],"class_list":["post-580","post","type-post","status-publish","format-standard","hentry","category-uncategorized"],"_links":{"self":[{"href":"https:\/\/chor50basel.ch\/index.php?rest_route=\/wp\/v2\/posts\/580","targetHints":{"allow":["GET"]}}],"collection":[{"href":"https:\/\/chor50basel.ch\/index.php?rest_route=\/wp\/v2\/posts"}],"about":[{"href":"https:\/\/chor50basel.ch\/index.php?rest_route=\/wp\/v2\/types\/post"}],"author":[{"embeddable":true,"href":"https:\/\/chor50basel.ch\/index.php?rest_route=\/wp\/v2\/users\/1"}],"replies":[{"embeddable":true,"href":"https:\/\/chor50basel.ch\/index.php?rest_route=%2Fwp%2Fv2%2Fcomments&post=580"}],"version-history":[{"count":31,"href":"https:\/\/chor50basel.ch\/index.php?rest_route=\/wp\/v2\/posts\/580\/revisions"}],"predecessor-version":[{"id":1390,"href":"https:\/\/chor50basel.ch\/index.php?rest_route=\/wp\/v2\/posts\/580\/revisions\/1390"}],"wp:attachment":[{"href":"https:\/\/chor50basel.ch\/index.php?rest_route=%2Fwp%2Fv2%2Fmedia&parent=580"}],"wp:term":[{"taxonomy":"category","embeddable":true,"href":"https:\/\/chor50basel.ch\/index.php?rest_route=%2Fwp%2Fv2%2Fcategories&post=580"},{"taxonomy":"post_tag","embeddable":true,"href":"https:\/\/chor50basel.ch\/index.php?rest_route=%2Fwp%2Fv2%2Ftags&post=580"}],"curies":[{"name":"wp","href":"https:\/\/api.w.org\/{rel}","templated":true}]}}