{"id":578,"date":"2023-02-18T05:32:03","date_gmt":"2023-02-18T05:32:03","guid":{"rendered":"https:\/\/gelice.ch\/?p=578"},"modified":"2025-12-11T17:15:43","modified_gmt":"2025-12-11T17:15:43","slug":"2023","status":"publish","type":"post","link":"https:\/\/chor50basel.ch\/?p=578","title":{"rendered":"2023"},"content":{"rendered":"<table style=\"border: none; border-collapse: collapse; width: 100%; table-layout: fixed;\">\n<tbody>\n<tr>\n<td style=\"border: none; padding: 8px; width: 70%; vertical-align: middle;\">\n<p><em>Herbstkonzert<\/em><strong><br \/>Lieder von Liebe, Wind und Wellen<br \/><\/strong>Fanny Mendelssohn und Johannes Brahms<strong><br \/><\/strong><br \/>18. Nov. 2023 Zunftsaal, Schmiedenhof Basel<br \/>21. Nov. 2023 Zinzendorfhaus Basel<\/p>\n<\/td>\n<td style=\"border: none; padding: 8px; width: 30%;\"><a href=\"https:\/\/chor50basel.ch\/wp-content\/uploads\/2025\/08\/23-Herbst.jpg\"><img loading=\"lazy\" decoding=\"async\" class=\"alignnone wp-image-646 size-medium\" src=\"https:\/\/chor50basel.ch\/wp-content\/uploads\/2025\/08\/23-Herbst-212x300.jpg\" alt=\"\" width=\"212\" height=\"300\" srcset=\"https:\/\/chor50basel.ch\/wp-content\/uploads\/2025\/08\/23-Herbst-212x300.jpg 212w, https:\/\/chor50basel.ch\/wp-content\/uploads\/2025\/08\/23-Herbst-722x1024.jpg 722w, https:\/\/chor50basel.ch\/wp-content\/uploads\/2025\/08\/23-Herbst-768x1089.jpg 768w, https:\/\/chor50basel.ch\/wp-content\/uploads\/2025\/08\/23-Herbst.jpg 804w\" sizes=\"auto, (max-width: 212px) 100vw, 212px\" \/><\/a><\/td>\n<\/tr>\n<\/tbody>\n<\/table>\n\n\n<p class=\"wp-block-paragraph\"><a href=\"https:\/\/chor50basel.ch\/wp-content\/uploads\/2025\/11\/2023-Herbst-Programm.pdf\">Programm<\/a><\/p>\n\n\n\n<hr class=\"wp-block-separator has-alpha-channel-opacity\"\/>\n\n\n<table style=\"border: none; border-collapse: collapse; width: 100%; table-layout: fixed;\">\n<tbody>\n<tr>\n<td style=\"border: none; padding: 8px; width: 70%; vertical-align: middle;\"><em>Fr\u00fchjahrskonzert<\/em><strong><br \/>T\u00f6ne mein Gesang!<br \/><\/strong>Lieder von Dvorak, Faur\u00e9, Reger und Huber<strong><br \/><\/strong><br \/>25. M\u00e4rz 2023, Dorfkirche Kleinh\u00fcningen<\/td>\n<td style=\"border: none; padding: 8px; width: 30%;\"><a href=\"https:\/\/chor50basel.ch\/wp-content\/uploads\/2025\/08\/23-Maerz.jpg\"><img loading=\"lazy\" decoding=\"async\" class=\"alignnone wp-image-645 size-medium\" src=\"https:\/\/chor50basel.ch\/wp-content\/uploads\/2025\/08\/23-Maerz-212x300.jpg\" alt=\"\" width=\"212\" height=\"300\" srcset=\"https:\/\/chor50basel.ch\/wp-content\/uploads\/2025\/08\/23-Maerz-212x300.jpg 212w, https:\/\/chor50basel.ch\/wp-content\/uploads\/2025\/08\/23-Maerz-724x1024.jpg 724w, https:\/\/chor50basel.ch\/wp-content\/uploads\/2025\/08\/23-Maerz-768x1086.jpg 768w, https:\/\/chor50basel.ch\/wp-content\/uploads\/2025\/08\/23-Maerz.jpg 803w\" sizes=\"auto, (max-width: 212px) 100vw, 212px\" \/><\/a><\/td>\n<\/tr>\n<\/tbody>\n<\/table>\n\n\n<p class=\"wp-block-paragraph\"><a href=\"https:\/\/chor50basel.ch\/wp-content\/uploads\/2025\/11\/2023-Fruehjahr-Programm.pdf\">Programm<\/a><\/p>\n","protected":false},"excerpt":{"rendered":"<p>HerbstkonzertLieder von Liebe, Wind und WellenFanny Mendelssohn und Johannes Brahms18. Nov. 2023 Zunftsaal, Schmiedenhof Basel21. Nov. 2023 Zinzendorfhaus Basel Programm Fr\u00fchjahrskonzertT\u00f6ne mein Gesang!Lieder von Dvorak, Faur\u00e9, Reger und Huber25. M\u00e4rz 2023, Dorfkirche Kleinh\u00fcningen Programm<\/p>\n","protected":false},"author":1,"featured_media":0,"comment_status":"closed","ping_status":"closed","sticky":false,"template":"","format":"standard","meta":{"footnotes":""},"categories":[1],"tags":[],"class_list":["post-578","post","type-post","status-publish","format-standard","hentry","category-uncategorized"],"_links":{"self":[{"href":"https:\/\/chor50basel.ch\/index.php?rest_route=\/wp\/v2\/posts\/578","targetHints":{"allow":["GET"]}}],"collection":[{"href":"https:\/\/chor50basel.ch\/index.php?rest_route=\/wp\/v2\/posts"}],"about":[{"href":"https:\/\/chor50basel.ch\/index.php?rest_route=\/wp\/v2\/types\/post"}],"author":[{"embeddable":true,"href":"https:\/\/chor50basel.ch\/index.php?rest_route=\/wp\/v2\/users\/1"}],"replies":[{"embeddable":true,"href":"https:\/\/chor50basel.ch\/index.php?rest_route=%2Fwp%2Fv2%2Fcomments&post=578"}],"version-history":[{"count":7,"href":"https:\/\/chor50basel.ch\/index.php?rest_route=\/wp\/v2\/posts\/578\/revisions"}],"predecessor-version":[{"id":976,"href":"https:\/\/chor50basel.ch\/index.php?rest_route=\/wp\/v2\/posts\/578\/revisions\/976"}],"wp:attachment":[{"href":"https:\/\/chor50basel.ch\/index.php?rest_route=%2Fwp%2Fv2%2Fmedia&parent=578"}],"wp:term":[{"taxonomy":"category","embeddable":true,"href":"https:\/\/chor50basel.ch\/index.php?rest_route=%2Fwp%2Fv2%2Fcategories&post=578"},{"taxonomy":"post_tag","embeddable":true,"href":"https:\/\/chor50basel.ch\/index.php?rest_route=%2Fwp%2Fv2%2Ftags&post=578"}],"curies":[{"name":"wp","href":"https:\/\/api.w.org\/{rel}","templated":true}]}}