{"id":572,"date":"2018-02-18T05:28:48","date_gmt":"2018-02-18T05:28:48","guid":{"rendered":"https:\/\/gelice.ch\/?p=572"},"modified":"2025-12-11T17:16:59","modified_gmt":"2025-12-11T17:16:59","slug":"2018","status":"publish","type":"post","link":"https:\/\/chor50basel.ch\/?p=572","title":{"rendered":"2018"},"content":{"rendered":"<table style=\"border: none; border-collapse: collapse; width: 100%; table-layout: fixed;\">\n<tbody>\n<tr>\n<td style=\"border: none; padding: 8px; width: 70%; vertical-align: middle;\"><em>Herbstkonzert<\/em><strong><br \/>Stimmungen<br \/><\/strong>Musik von Brahms, Huber und Schumann<strong><br \/><\/strong><br \/>18. Nov. 2018 Zunftsaal, Schmiedenhof Basel<br \/>20. Nov. 2023 Zunftsaal, Schmiedenhof Basel<\/td>\n<td style=\"border: none; padding: 8px; width: 30%;\"><a href=\"https:\/\/chor50basel.ch\/wp-content\/uploads\/2025\/08\/2018-Nov.jpg\"><img loading=\"lazy\" decoding=\"async\" class=\"alignnone wp-image-664 size-medium\" src=\"https:\/\/chor50basel.ch\/wp-content\/uploads\/2025\/08\/2018-Nov-210x300.jpg\" alt=\"\" width=\"210\" height=\"300\" srcset=\"https:\/\/chor50basel.ch\/wp-content\/uploads\/2025\/08\/2018-Nov-210x300.jpg 210w, https:\/\/chor50basel.ch\/wp-content\/uploads\/2025\/08\/2018-Nov-718x1024.jpg 718w, https:\/\/chor50basel.ch\/wp-content\/uploads\/2025\/08\/2018-Nov-768x1095.jpg 768w, https:\/\/chor50basel.ch\/wp-content\/uploads\/2025\/08\/2018-Nov.jpg 797w\" sizes=\"auto, (max-width: 210px) 100vw, 210px\" \/><\/a><\/td>\n<\/tr>\n<\/tbody>\n<\/table>\n\n\n<p class=\"wp-block-paragraph\"><a href=\"https:\/\/chor50basel.ch\/wp-content\/uploads\/2025\/12\/2018-Herbst-Booklet.pdf\">Programm<\/a><\/p>\n\n\n\n<p class=\"wp-block-paragraph\"><\/p>\n\n\n\n<hr class=\"wp-block-separator has-alpha-channel-opacity\"\/>\n\n\n\n<p class=\"wp-block-paragraph\"><\/p>\n\n\n<table style=\"border: none; border-collapse: collapse; width: 100%; table-layout: fixed;\">\n<tbody>\n<tr>\n<td style=\"border: none; padding: 8px; width: 70%; vertical-align: middle;\">\n<p><em>Fr\u00fchjahrskonzert<\/em><strong><br \/>Impressions Expressions Rencontres<br \/><\/strong>Musik von Massenet, Faur\u00e9, Debussy, Brahms, Grieg, Rachmaninov, Rheinberger<\/p>\n<p>17. M\u00e4rz 2018 Waisenhauskirche Basel<br \/>20. M\u00e4rz 2018 Waisenhauskirche Basel<\/p>\n<\/td>\n<td style=\"border: none; padding: 8px; width: 30%;\"><a href=\"https:\/\/chor50basel.ch\/wp-content\/uploads\/2025\/08\/2018-Maerz.jpg\"><img loading=\"lazy\" decoding=\"async\" class=\"alignnone wp-image-665 size-medium\" src=\"https:\/\/chor50basel.ch\/wp-content\/uploads\/2025\/08\/2018-Maerz-214x300.jpg\" alt=\"\" width=\"214\" height=\"300\" srcset=\"https:\/\/chor50basel.ch\/wp-content\/uploads\/2025\/08\/2018-Maerz-214x300.jpg 214w, https:\/\/chor50basel.ch\/wp-content\/uploads\/2025\/08\/2018-Maerz-731x1024.jpg 731w, https:\/\/chor50basel.ch\/wp-content\/uploads\/2025\/08\/2018-Maerz-768x1076.jpg 768w, https:\/\/chor50basel.ch\/wp-content\/uploads\/2025\/08\/2018-Maerz.jpg 771w\" sizes=\"auto, (max-width: 214px) 100vw, 214px\" \/><\/a><\/td>\n<\/tr>\n<\/tbody>\n<\/table>\n\n\n<p class=\"wp-block-paragraph\"><a href=\"https:\/\/chor50basel.ch\/wp-content\/uploads\/2025\/12\/2018-Fruehling.pdf\">Programm<\/a><\/p>\n","protected":false},"excerpt":{"rendered":"<p>HerbstkonzertStimmungenMusik von Brahms, Huber und Schumann18. Nov. 2018 Zunftsaal, Schmiedenhof Basel20. Nov. 2023 Zunftsaal, Schmiedenhof Basel Programm Fr\u00fchjahrskonzertImpressions Expressions RencontresMusik von Massenet, Faur\u00e9, Debussy, Brahms, Grieg, Rachmaninov, Rheinberger 17. M\u00e4rz 2018 Waisenhauskirche Basel20. M\u00e4rz 2018 Waisenhauskirche Basel Programm<\/p>\n","protected":false},"author":1,"featured_media":0,"comment_status":"closed","ping_status":"closed","sticky":false,"template":"","format":"standard","meta":{"footnotes":""},"categories":[1],"tags":[],"class_list":["post-572","post","type-post","status-publish","format-standard","hentry","category-uncategorized"],"_links":{"self":[{"href":"https:\/\/chor50basel.ch\/index.php?rest_route=\/wp\/v2\/posts\/572","targetHints":{"allow":["GET"]}}],"collection":[{"href":"https:\/\/chor50basel.ch\/index.php?rest_route=\/wp\/v2\/posts"}],"about":[{"href":"https:\/\/chor50basel.ch\/index.php?rest_route=\/wp\/v2\/types\/post"}],"author":[{"embeddable":true,"href":"https:\/\/chor50basel.ch\/index.php?rest_route=\/wp\/v2\/users\/1"}],"replies":[{"embeddable":true,"href":"https:\/\/chor50basel.ch\/index.php?rest_route=%2Fwp%2Fv2%2Fcomments&post=572"}],"version-history":[{"count":6,"href":"https:\/\/chor50basel.ch\/index.php?rest_route=\/wp\/v2\/posts\/572\/revisions"}],"predecessor-version":[{"id":1215,"href":"https:\/\/chor50basel.ch\/index.php?rest_route=\/wp\/v2\/posts\/572\/revisions\/1215"}],"wp:attachment":[{"href":"https:\/\/chor50basel.ch\/index.php?rest_route=%2Fwp%2Fv2%2Fmedia&parent=572"}],"wp:term":[{"taxonomy":"category","embeddable":true,"href":"https:\/\/chor50basel.ch\/index.php?rest_route=%2Fwp%2Fv2%2Fcategories&post=572"},{"taxonomy":"post_tag","embeddable":true,"href":"https:\/\/chor50basel.ch\/index.php?rest_route=%2Fwp%2Fv2%2Ftags&post=572"}],"curies":[{"name":"wp","href":"https:\/\/api.w.org\/{rel}","templated":true}]}}