{"id":568,"date":"2016-04-19T05:26:53","date_gmt":"2016-04-19T05:26:53","guid":{"rendered":"https:\/\/gelice.ch\/?p=568"},"modified":"2025-12-11T17:17:32","modified_gmt":"2025-12-11T17:17:32","slug":"2016","status":"publish","type":"post","link":"https:\/\/chor50basel.ch\/?p=568","title":{"rendered":"2016"},"content":{"rendered":"<table style=\"border: none; border-collapse: collapse; width: 100%; table-layout: fixed;\">\n<tbody>\n<tr>\n<td style=\"border: none; padding: 8px; width: 70%; vertical-align: middle;\">\n<p><em>Herbstkonzert<\/em><strong><br \/>Musik zum Nachdenken<br \/><\/strong>Messe in A-Dur von Rheinberger sowie Lieder von Bach \u00fcber Faur\u00e9 bis hin zu politischen Liedern<\/p>\n<p>19. Nov. 2016 Waisenhauskirche Basel<br \/>22. Nov. 2016 Waisenhauskirche Basel<\/p>\n<\/td>\n<td style=\"border: none; padding: 8px; width: 30%;\"><a href=\"https:\/\/chor50basel.ch\/wp-content\/uploads\/2025\/08\/2016-Nov.jpg\"><img loading=\"lazy\" decoding=\"async\" class=\"alignnone wp-image-672 size-medium\" src=\"https:\/\/chor50basel.ch\/wp-content\/uploads\/2025\/08\/2016-Nov-209x300.jpg\" alt=\"\" width=\"209\" height=\"300\" srcset=\"https:\/\/chor50basel.ch\/wp-content\/uploads\/2025\/08\/2016-Nov-209x300.jpg 209w, https:\/\/chor50basel.ch\/wp-content\/uploads\/2025\/08\/2016-Nov-713x1024.jpg 713w, https:\/\/chor50basel.ch\/wp-content\/uploads\/2025\/08\/2016-Nov-768x1102.jpg 768w, https:\/\/chor50basel.ch\/wp-content\/uploads\/2025\/08\/2016-Nov.jpg 795w\" sizes=\"auto, (max-width: 209px) 100vw, 209px\" \/><\/a><\/td>\n<\/tr>\n<\/tbody>\n<\/table>\n\n\n<p class=\"wp-block-paragraph\"><a href=\"https:\/\/chor50basel.ch\/wp-content\/uploads\/2025\/12\/2016-Herbst.pdf\">Programm<\/a><\/p>\n\n\n\n<hr class=\"wp-block-separator has-alpha-channel-opacity\"\/>\n\n\n\n<p class=\"wp-block-paragraph\"><\/p>\n\n\n<table style=\"border: none; border-collapse: collapse; width: 100%; table-layout: fixed;\">\n<tbody>\n<tr>\n<td style=\"border: none; padding: 8px; width: 70%; vertical-align: middle;\"><em>Fr\u00fchjahrskonzert<\/em><strong><br \/>Das Leben ist ein Traum<br \/><\/strong>Lieder von Rachmaninov, Rheinberger, Schubert und Schumann<strong><br \/><\/strong><br \/>29. Mai 2016 Schmiedenhof Basel<br \/>31. Mai 2016 Schmiedenhof Basel<\/td>\n<td style=\"border: none; padding: 8px; width: 30%;\"><a href=\"https:\/\/chor50basel.ch\/wp-content\/uploads\/2025\/08\/2016-Mai.jpg\"><img loading=\"lazy\" decoding=\"async\" class=\"alignnone wp-image-674 size-medium\" src=\"https:\/\/chor50basel.ch\/wp-content\/uploads\/2025\/08\/2016-Mai-212x300.jpg\" alt=\"\" width=\"212\" height=\"300\" srcset=\"https:\/\/chor50basel.ch\/wp-content\/uploads\/2025\/08\/2016-Mai-212x300.jpg 212w, https:\/\/chor50basel.ch\/wp-content\/uploads\/2025\/08\/2016-Mai-725x1024.jpg 725w, https:\/\/chor50basel.ch\/wp-content\/uploads\/2025\/08\/2016-Mai.jpg 767w\" sizes=\"auto, (max-width: 212px) 100vw, 212px\" \/><\/a><\/td>\n<\/tr>\n<\/tbody>\n<\/table>\n\n\n<p class=\"wp-block-paragraph\"><a href=\"https:\/\/chor50basel.ch\/wp-content\/uploads\/2025\/12\/2016-Fruehling.pdf\">Programm<\/a><\/p>\n","protected":false},"excerpt":{"rendered":"<p>HerbstkonzertMusik zum NachdenkenMesse in A-Dur von Rheinberger sowie Lieder von Bach \u00fcber Faur\u00e9 bis hin zu politischen Liedern 19. Nov. 2016 Waisenhauskirche Basel22. Nov. 2016 Waisenhauskirche Basel Programm Fr\u00fchjahrskonzertDas Leben ist ein TraumLieder von Rachmaninov, Rheinberger, Schubert und Schumann29. Mai 2016 Schmiedenhof Basel31. Mai 2016 Schmiedenhof Basel Programm<\/p>\n","protected":false},"author":1,"featured_media":0,"comment_status":"closed","ping_status":"closed","sticky":false,"template":"","format":"standard","meta":{"footnotes":""},"categories":[1],"tags":[],"class_list":["post-568","post","type-post","status-publish","format-standard","hentry","category-uncategorized"],"_links":{"self":[{"href":"https:\/\/chor50basel.ch\/index.php?rest_route=\/wp\/v2\/posts\/568","targetHints":{"allow":["GET"]}}],"collection":[{"href":"https:\/\/chor50basel.ch\/index.php?rest_route=\/wp\/v2\/posts"}],"about":[{"href":"https:\/\/chor50basel.ch\/index.php?rest_route=\/wp\/v2\/types\/post"}],"author":[{"embeddable":true,"href":"https:\/\/chor50basel.ch\/index.php?rest_route=\/wp\/v2\/users\/1"}],"replies":[{"embeddable":true,"href":"https:\/\/chor50basel.ch\/index.php?rest_route=%2Fwp%2Fv2%2Fcomments&post=568"}],"version-history":[{"count":8,"href":"https:\/\/chor50basel.ch\/index.php?rest_route=\/wp\/v2\/posts\/568\/revisions"}],"predecessor-version":[{"id":1217,"href":"https:\/\/chor50basel.ch\/index.php?rest_route=\/wp\/v2\/posts\/568\/revisions\/1217"}],"wp:attachment":[{"href":"https:\/\/chor50basel.ch\/index.php?rest_route=%2Fwp%2Fv2%2Fmedia&parent=568"}],"wp:term":[{"taxonomy":"category","embeddable":true,"href":"https:\/\/chor50basel.ch\/index.php?rest_route=%2Fwp%2Fv2%2Fcategories&post=568"},{"taxonomy":"post_tag","embeddable":true,"href":"https:\/\/chor50basel.ch\/index.php?rest_route=%2Fwp%2Fv2%2Ftags&post=568"}],"curies":[{"name":"wp","href":"https:\/\/api.w.org\/{rel}","templated":true}]}}