{"id":1019,"date":"2003-04-16T18:23:14","date_gmt":"2003-04-16T18:23:14","guid":{"rendered":"https:\/\/chor50basel.ch\/?p=1019"},"modified":"2025-12-14T09:04:28","modified_gmt":"2025-12-14T09:04:28","slug":"2003","status":"publish","type":"post","link":"https:\/\/chor50basel.ch\/?p=1019","title":{"rendered":"2003"},"content":{"rendered":"<table style=\"border: none; border-collapse: collapse; width: 100%; table-layout: fixed;\">\n<tbody>\n<tr>\n<td style=\"border: none; padding: 8px; width: 70%; vertical-align: middle;\">\n<p><strong>Weihnachts-Singen<\/strong><\/p>\n<p>Dienstag, 16. Dezember 2003, 18.30 Uhr<\/p>\n<p>Peterskirche Basel<\/p>\n<\/td>\n<td style=\"border: none; padding: 8px; width: 30%;\"><a href=\"https:\/\/chor50basel.ch\/wp-content\/uploads\/2025\/12\/2003-Winter-1.jpg\"><img loading=\"lazy\" decoding=\"async\" class=\"alignnone wp-image-1059 size-medium\" src=\"https:\/\/chor50basel.ch\/wp-content\/uploads\/2025\/12\/2003-Winter-1-210x300.jpg\" alt=\"\" width=\"210\" height=\"300\" srcset=\"https:\/\/chor50basel.ch\/wp-content\/uploads\/2025\/12\/2003-Winter-1-210x300.jpg 210w, https:\/\/chor50basel.ch\/wp-content\/uploads\/2025\/12\/2003-Winter-1-768x1096.jpg 768w, https:\/\/chor50basel.ch\/wp-content\/uploads\/2025\/12\/2003-Winter-1-1077x1536.jpg 1077w, https:\/\/chor50basel.ch\/wp-content\/uploads\/2025\/12\/2003-Winter-1.jpg 1151w\" sizes=\"auto, (max-width: 210px) 100vw, 210px\" \/><\/a><\/td>\n<\/tr>\n<\/tbody>\n<\/table>\n\n\n<p class=\"wp-block-paragraph\"><a href=\"https:\/\/chor50basel.ch\/wp-content\/uploads\/2025\/12\/2003-Winter.pdf\">Programm<\/a><\/p>\n\n\n\n<hr class=\"wp-block-separator has-alpha-channel-opacity\"\/>\n\n\n<table style=\"border: none; border-collapse: collapse; width: 100%; table-layout: fixed;\">\n<tbody>\n<tr>\n<td style=\"border: none; padding: 8px; width: 70%; vertical-align: middle;\"><strong>Serenade<br \/><\/strong>Musik im geselligen Kreise\n<p>Werke von Haydn, Mozart, Schubert, Schumann und Bach<\/p>\n<p>Samstag, 21. Juni 2003, 17 Uhr<\/p>\n<p>Aula des Bethesda-Spitals Basel<\/p>\n<\/td>\n<td style=\"border: none; padding: 8px; width: 30%;\"><a href=\"https:\/\/chor50basel.ch\/wp-content\/uploads\/2025\/12\/2003-Juni.jpg\"><img loading=\"lazy\" decoding=\"async\" class=\"alignnone wp-image-1056 size-medium\" src=\"https:\/\/chor50basel.ch\/wp-content\/uploads\/2025\/12\/2003-Juni-208x300.jpg\" alt=\"\" width=\"208\" height=\"300\" srcset=\"https:\/\/chor50basel.ch\/wp-content\/uploads\/2025\/12\/2003-Juni-208x300.jpg 208w, https:\/\/chor50basel.ch\/wp-content\/uploads\/2025\/12\/2003-Juni-768x1109.jpg 768w, https:\/\/chor50basel.ch\/wp-content\/uploads\/2025\/12\/2003-Juni-1063x1536.jpg 1063w, https:\/\/chor50basel.ch\/wp-content\/uploads\/2025\/12\/2003-Juni.jpg 1145w\" sizes=\"auto, (max-width: 208px) 100vw, 208px\" \/><\/a><\/td>\n<\/tr>\n<\/tbody>\n<\/table>\n\n\n<p class=\"wp-block-paragraph\"><a href=\"https:\/\/chor50basel.ch\/wp-content\/uploads\/2025\/12\/2003-Juni.pdf\">Programm<\/a><\/p>\n\n\n\n<hr class=\"wp-block-separator has-alpha-channel-opacity\"\/>\n\n\n<table style=\"border: none; border-collapse: collapse; width: 100%; table-layout: fixed;\">\n<tbody>\n<tr>\n<td style=\"border: none; padding: 8px; width: 70%; vertical-align: middle;\">\n<p><em>Fr\u00fchjahrskonzert<\/em><strong><br \/>Ber\u00fchmte Komponisten schreiben f\u00fcr ihren Freundeskreis<\/strong><\/p>\n<p>Bach, Mozart und Schubert<\/p>\n<p>Mittwoch, 21. Mai 2003, 14.30\u201316.15 Uhr<br \/>Peterskirche Basel<\/p>\n<p>Eine Veranstaltung im Rahmen der Vorlesungen der Senioren-Universit\u00e4t Basel<\/p>\n<\/td>\n<td style=\"border: none; padding: 8px; width: 30%;\"><a href=\"https:\/\/chor50basel.ch\/wp-content\/uploads\/2025\/12\/2003-Fruehling.jpg\"><img loading=\"lazy\" decoding=\"async\" class=\"alignnone wp-image-1055 size-medium\" src=\"https:\/\/chor50basel.ch\/wp-content\/uploads\/2025\/12\/2003-Fruehling-211x300.jpg\" alt=\"\" width=\"211\" height=\"300\" srcset=\"https:\/\/chor50basel.ch\/wp-content\/uploads\/2025\/12\/2003-Fruehling-211x300.jpg 211w, https:\/\/chor50basel.ch\/wp-content\/uploads\/2025\/12\/2003-Fruehling-768x1091.jpg 768w, https:\/\/chor50basel.ch\/wp-content\/uploads\/2025\/12\/2003-Fruehling-1081x1536.jpg 1081w, https:\/\/chor50basel.ch\/wp-content\/uploads\/2025\/12\/2003-Fruehling.jpg 1148w\" sizes=\"auto, (max-width: 211px) 100vw, 211px\" \/><\/a><\/td>\n<\/tr>\n<\/tbody>\n<\/table>","protected":false},"excerpt":{"rendered":"<p>Weihnachts-Singen Dienstag, 16. Dezember 2003, 18.30 Uhr Peterskirche Basel Programm SerenadeMusik im geselligen Kreise Werke von Haydn, Mozart, Schubert, Schumann und Bach Samstag, 21. Juni 2003, 17 Uhr Aula des Bethesda-Spitals Basel Programm Fr\u00fchjahrskonzertBer\u00fchmte Komponisten schreiben f\u00fcr ihren Freundeskreis Bach, Mozart und Schubert Mittwoch, 21. Mai 2003, 14.30\u201316.15 UhrPeterskirche Basel Eine Veranstaltung im Rahmen der &hellip; <a href=\"https:\/\/chor50basel.ch\/?p=1019\" class=\"more-link\"><span class=\"screen-reader-text\">2003<\/span> weiterlesen<\/a><\/p>\n","protected":false},"author":1,"featured_media":0,"comment_status":"closed","ping_status":"closed","sticky":false,"template":"","format":"standard","meta":{"footnotes":""},"categories":[1],"tags":[],"class_list":["post-1019","post","type-post","status-publish","format-standard","hentry","category-uncategorized"],"_links":{"self":[{"href":"https:\/\/chor50basel.ch\/index.php?rest_route=\/wp\/v2\/posts\/1019","targetHints":{"allow":["GET"]}}],"collection":[{"href":"https:\/\/chor50basel.ch\/index.php?rest_route=\/wp\/v2\/posts"}],"about":[{"href":"https:\/\/chor50basel.ch\/index.php?rest_route=\/wp\/v2\/types\/post"}],"author":[{"embeddable":true,"href":"https:\/\/chor50basel.ch\/index.php?rest_route=\/wp\/v2\/users\/1"}],"replies":[{"embeddable":true,"href":"https:\/\/chor50basel.ch\/index.php?rest_route=%2Fwp%2Fv2%2Fcomments&post=1019"}],"version-history":[{"count":17,"href":"https:\/\/chor50basel.ch\/index.php?rest_route=\/wp\/v2\/posts\/1019\/revisions"}],"predecessor-version":[{"id":1399,"href":"https:\/\/chor50basel.ch\/index.php?rest_route=\/wp\/v2\/posts\/1019\/revisions\/1399"}],"wp:attachment":[{"href":"https:\/\/chor50basel.ch\/index.php?rest_route=%2Fwp%2Fv2%2Fmedia&parent=1019"}],"wp:term":[{"taxonomy":"category","embeddable":true,"href":"https:\/\/chor50basel.ch\/index.php?rest_route=%2Fwp%2Fv2%2Fcategories&post=1019"},{"taxonomy":"post_tag","embeddable":true,"href":"https:\/\/chor50basel.ch\/index.php?rest_route=%2Fwp%2Fv2%2Ftags&post=1019"}],"curies":[{"name":"wp","href":"https:\/\/api.w.org\/{rel}","templated":true}]}}